{"id":23352,"date":"2023-11-07T12:19:53","date_gmt":"2023-11-07T11:19:53","guid":{"rendered":"https:\/\/www.etfworld.com\/es\/?p=23352"},"modified":"2023-11-07T14:17:06","modified_gmt":"2023-11-07T13:17:06","slug":"amundi-etf-benoit-sorel-nombrado-global-head-of-etf-indexing-smart-beta","status":"publish","type":"post","link":"https:\/\/www.etfworld.com\/es\/amundi-etf-benoit-sorel-nombrado-global-head-of-etf-indexing-smart-beta\/","title":{"rendered":"Amundi ETF : Benoit Sorel nombrado Global Head of ETF, Indexing &#038; Smart Beta"},"content":{"rendered":"<h5 style=\"text-align: justify;\"><strong>Amundi ETF<\/strong> anuncia el nombramiento de Benoit Sorel como Global Head of ETF, Indexing &amp; Smart Beta business line, con efecto a partir del 6 de noviembre de 2023.<\/h5>\n<p style=\"text-align: justify;\"><!--more--><\/p>\n<p style=\"text-align: justify;\"><a href=\"\/newsletter\"><strong>Si desea recibir las principales noticias de ETFWorld.es suscr\u00edbase a nuestros Newsletters gratuitos. Haga clic aqu\u00ed para suscribirse gratuitamente<\/strong><\/a><\/p>\n<hr \/>\n<p style=\"text-align: center;\"><strong>Por ETFWorld.es<\/strong><\/p>\n<hr \/>\n<p><strong>Benoit Sorel, Global Head of ETF, Indexing &amp; Smart Beta AMundi<br \/>\n<\/strong><\/p>\n<hr \/>\n<p style=\"text-align: justify;\">Antes de unirse a Amundi, Benoit ocup\u00f3 el cargo de director general en BlackRock, con responsabilidad sobre la estrategia de producto y la distribuci\u00f3n en EMEA para el negocio de ETF &amp; Indexing Investing, operando desde la oficina de Londres desde 2018. Anteriormente (2011-2018), tambi\u00e9n en BlackRock, Benoit dirigi\u00f3 las ventas de ETF &amp; Index Investing para Francia, B\u00e9lgica, Luxemburgo y M\u00f3naco.<\/p>\n<p style=\"text-align: justify;\">Anteriormente, ocup\u00f3 varios puestos de responsabilidad en el desarrollo de negocio de derivados de renta variable en Cr\u00e9dit Agricole Corporate and Investment Bank (2007-2011) y en Bank of America (2006-2007), y form\u00f3 parte del equipo de Asesoramiento Soberano de Lazard Fr\u00e8res (2001-2006).<\/p>\n<p style=\"text-align: justify;\">Benoit comenz\u00f3 su carrera en 1999 en Credit Agricole Indosuez en Yakarta en Reestructuraci\u00f3n de Deuda Corporativa y Financiaci\u00f3n de Exportaciones.<\/p>\n<p style=\"text-align: justify;\">Benoit se licenci\u00f3 en ESCP-EAP, con especializaci\u00f3n en Finanzas.<\/p>\n<p style=\"text-align: justify;\">Fuente: ETFWorld<\/p>\n","protected":false},"excerpt":{"rendered":"<p>Amundi ETF anuncia el nombramiento de Benoit Sorel como Global Head of ETF, Indexing &amp; Smart Beta business line, con efecto a partir del 6 de noviembre de 2023.<\/p>\n","protected":false},"author":4,"featured_media":23354,"comment_status":"closed","ping_status":"closed","sticky":false,"template":"","format":"standard","meta":{"telegram_tosend":false,"telegram_tosend_message":"","telegram_tosend_target":0,"footnotes":"","_wpscp_schedule_draft_date":"","_wpscp_schedule_republish_date":"","_wpscppro_advance_schedule":false,"_wpscppro_advance_schedule_date":"","_wpscppro_dont_share_socialmedia":null,"_wpscppro_custom_social_share_image":0,"_facebook_share_type":"","_twitter_share_type":"","_linkedin_share_type":"","_pinterest_share_type":"","_linkedin_share_type_page":"","_instagram_share_type":"","_medium_share_type":"","_threads_share_type":"","_google_business_share_type":"","_selected_social_profile":[],"_wpsp_enable_custom_social_template":false,"_wpsp_social_scheduling":{"enabled":false,"datetime":null,"platforms":[],"status":"template_only","dateOption":"today","timeOption":"now","customDays":"","customHours":"","customDate":"","customTime":"","schedulingType":"absolute"},"_wpsp_active_default_template":true},"categories":[41],"tags":[106],"class_list":["post-23352","post","type-post","status-publish","format-standard","has-post-thumbnail","hentry","category-nominaciones","tag-amundi-etf"],"blocksy_meta":{"styles_descriptor":{"styles":{"desktop":"","tablet":"","mobile":""},"google_fonts":[],"version":6}},"featured_image_urls_v2":{"full":["https:\/\/www.etfworld.com\/es\/wp-content\/uploads\/2023\/11\/Sorel-Benoit-Amundi-ETF.jpg",750,563,false],"thumbnail":["https:\/\/www.etfworld.com\/es\/wp-content\/uploads\/2023\/11\/Sorel-Benoit-Amundi-ETF-150x150.jpg",150,150,true],"medium":["https:\/\/www.etfworld.com\/es\/wp-content\/uploads\/2023\/11\/Sorel-Benoit-Amundi-ETF-300x225.jpg",300,225,true],"medium_large":["https:\/\/www.etfworld.com\/es\/wp-content\/uploads\/2023\/11\/Sorel-Benoit-Amundi-ETF.jpg",750,563,false],"large":["https:\/\/www.etfworld.com\/es\/wp-content\/uploads\/2023\/11\/Sorel-Benoit-Amundi-ETF.jpg",750,563,false],"1536x1536":["https:\/\/www.etfworld.com\/es\/wp-content\/uploads\/2023\/11\/Sorel-Benoit-Amundi-ETF.jpg",750,563,false],"2048x2048":["https:\/\/www.etfworld.com\/es\/wp-content\/uploads\/2023\/11\/Sorel-Benoit-Amundi-ETF.jpg",750,563,false],"ultp_layout_landscape_large":["https:\/\/www.etfworld.com\/es\/wp-content\/uploads\/2023\/11\/Sorel-Benoit-Amundi-ETF.jpg",750,563,false],"ultp_layout_landscape":["https:\/\/www.etfworld.com\/es\/wp-content\/uploads\/2023\/11\/Sorel-Benoit-Amundi-ETF.jpg",750,563,false],"ultp_layout_portrait":["https:\/\/www.etfworld.com\/es\/wp-content\/uploads\/2023\/11\/Sorel-Benoit-Amundi-ETF-600x563.jpg",600,563,true],"ultp_layout_square":["https:\/\/www.etfworld.com\/es\/wp-content\/uploads\/2023\/11\/Sorel-Benoit-Amundi-ETF-600x563.jpg",600,563,true],"mailpoet_newsletter_max":["https:\/\/www.etfworld.com\/es\/wp-content\/uploads\/2023\/11\/Sorel-Benoit-Amundi-ETF.jpg",750,563,false]},"post_excerpt_stackable_v2":"<p>Amundi ETF anuncia el nombramiento de Benoit Sorel como Global Head of ETF, Indexing &amp; Smart Beta business line, con efecto a partir del 6 de noviembre de 2023. Si desea recibir las principales noticias de ETFWorld.es suscr\u00edbase a nuestros Newsletters gratuitos. Haga clic aqu\u00ed para suscribirse gratuitamente Por ETFWorld.es Benoit Sorel, Global Head of ETF, Indexing &amp; Smart Beta AMundi Antes de unirse a Amundi, Benoit ocup\u00f3 el cargo de director general en BlackRock, con responsabilidad sobre la estrategia de producto y la distribuci\u00f3n en EMEA para el negocio de ETF &amp; Indexing Investing, operando desde la oficina de&hellip;<\/p>\n","category_list_v2":"<a href=\"https:\/\/www.etfworld.com\/es\/category\/news\/nominaciones\/\" rel=\"category tag\">Nominaciones<\/a>","author_info_v2":{"name":"Equipo Editorial","url":"https:\/\/www.etfworld.com\/es\/author\/equipo-editorial\/"},"comments_num_v2":"0 comentarios","_links":{"self":[{"href":"https:\/\/www.etfworld.com\/es\/wp-json\/wp\/v2\/posts\/23352","targetHints":{"allow":["GET"]}}],"collection":[{"href":"https:\/\/www.etfworld.com\/es\/wp-json\/wp\/v2\/posts"}],"about":[{"href":"https:\/\/www.etfworld.com\/es\/wp-json\/wp\/v2\/types\/post"}],"author":[{"embeddable":true,"href":"https:\/\/www.etfworld.com\/es\/wp-json\/wp\/v2\/users\/4"}],"replies":[{"embeddable":true,"href":"https:\/\/www.etfworld.com\/es\/wp-json\/wp\/v2\/comments?post=23352"}],"version-history":[{"count":1,"href":"https:\/\/www.etfworld.com\/es\/wp-json\/wp\/v2\/posts\/23352\/revisions"}],"predecessor-version":[{"id":23355,"href":"https:\/\/www.etfworld.com\/es\/wp-json\/wp\/v2\/posts\/23352\/revisions\/23355"}],"wp:featuredmedia":[{"embeddable":true,"href":"https:\/\/www.etfworld.com\/es\/wp-json\/wp\/v2\/media\/23354"}],"wp:attachment":[{"href":"https:\/\/www.etfworld.com\/es\/wp-json\/wp\/v2\/media?parent=23352"}],"wp:term":[{"taxonomy":"category","embeddable":true,"href":"https:\/\/www.etfworld.com\/es\/wp-json\/wp\/v2\/categories?post=23352"},{"taxonomy":"post_tag","embeddable":true,"href":"https:\/\/www.etfworld.com\/es\/wp-json\/wp\/v2\/tags?post=23352"}],"curies":[{"name":"wp","href":"https:\/\/api.w.org\/{rel}","templated":true}]}}