{"id":31938,"date":"2023-09-13T15:57:55","date_gmt":"2023-09-13T13:57:55","guid":{"rendered":"https:\/\/www.etfworld.com\/ch\/?p=31938"},"modified":"2023-09-13T15:58:45","modified_gmt":"2023-09-13T13:58:45","slug":"bnp-paribas-am-stellt-etf-vertriebsspezialist-fuer-die-schweiz-ein","status":"publish","type":"post","link":"https:\/\/www.etfworld.com\/ch\/bnp-paribas-am-stellt-etf-vertriebsspezialist-fuer-die-schweiz-ein\/","title":{"rendered":"BNP Paribas AM stellt ETF-Vertriebsspezialist f\u00fcr die Schweiz ein"},"content":{"rendered":"<p style=\"text-align: justify;\"><strong>BNP Paribas AM <\/strong> verst\u00e4rkt seine ETF-Vertriebskapazit\u00e4ten mit der Ernennung von Kay Winist\u00f6rfer in der neu geschaffenen Position des ETF-Vertriebsspezialisten f\u00fcr die Schweiz.<\/p>\n<p style=\"text-align: justify;\"><!--more--><\/p>\n<p style=\"text-align: justify;\"><a href=\"https:\/\/www.etfworld.com\/ch\/newsletter\"><strong>Abonnieren Sie unseren kostenloser Newsletter<\/strong><\/a><\/p>\n<hr \/>\n<p style=\"text-align: center;\"><strong>Von der Redaktion ETFWorld.ch<\/strong><\/p>\n<hr \/>\n<p style=\"text-align: justify;\"><strong>Kay Winist\u00f6rfer\u00a0 ETF-Vertriebsspezialisten f\u00fcr die Schweiz<br \/>\n<\/strong><\/p>\n<hr \/>\n<p style=\"text-align: justify;\"><strong>Er ist seit dem 1. September in Z\u00fcrich t\u00e4tig und berichtet funktional an Claus Hecher, Regional ETF Head of Sales f\u00fcr die DACH-Region und Skandinavien, und lokal an Ariane Dehn, Country Head f\u00fcr BNP Paribas Asset Management in der Schweiz.<\/strong><\/p>\n<p style=\"text-align: justify;\">Winist\u00f6rfer verf\u00fcgt \u00fcber vier Jahre Erfahrung in der ETF-Branche und kommt von Credit Suisse Asset Management, wo er als Vice President und Sales Manager f\u00fcr den Gro\u00dfhandelsvertrieb von ETFs und Indexfonds t\u00e4tig war. Davor war er ETFs &amp; ETPs Sales Manager und Business Analyst bei SIX Swiss Exchange. Bei BNPP AM wird er sich darauf konzentrieren, den ETF- und Indexfonds-Kundenstamm des Unternehmens in der deutschsprachigen Schweiz auszubauen und den Kunden Fachwissen \u00fcber nachhaltige ETFs und Index-Investmentl\u00f6sungen zu bieten.<\/p>\n<p style=\"text-align: justify;\"><strong><a href=\"https:\/\/www.etfworld.com\/ch\/bnp-paribas-erweitert-sein-angebot-an-esg-etfs-die-an-der-six-stock-exchange\/dehn-ariane-bnp-paribas-easy-etf\/\" rel=\"attachment wp-att-31935\"><img loading=\"lazy\" decoding=\"async\" class=\"wp-image-31935 alignleft\" src=\"https:\/\/www.etfworld.com\/ch\/wp-content\/uploads\/2023\/09\/Dehn-Ariane-BNP-Paribas-Easy-ETF.jpg\" alt=\"Dehn Ariane BNP Paribas Easy ETF\" width=\"400\" height=\"300\" srcset=\"https:\/\/www.etfworld.com\/ch\/wp-content\/uploads\/2023\/09\/Dehn-Ariane-BNP-Paribas-Easy-ETF.jpg 750w, https:\/\/www.etfworld.com\/ch\/wp-content\/uploads\/2023\/09\/Dehn-Ariane-BNP-Paribas-Easy-ETF-300x225.jpg 300w\" sizes=\"auto, (max-width: 400px) 100vw, 400px\" \/><\/a>Ariane Dehn, Country Head f\u00fcr BNP Paribas AM in der Schweiz, kommentiert:<\/strong> &#8222;Die Ernennung von Kay ist ein weiterer Schritt zur kontinuierlichen St\u00e4rkung unserer Position in der Schweiz, wo die globale F\u00fchrungsrolle der Investoren im Bereich der Nachhaltigkeit vollst\u00e4ndig mit den Kernwerten von BNPP AM \u00fcbereinstimmt. Wir verzeichnen eine wachsende Nachfrage nach ESG-orientierten ETF-Strategien und bauen unser Angebot weiter aus. Kays Erfahrung wird eine wichtige Rolle spielen, wenn wir unserem regionalen Kundenstamm ein breiteres Angebot an nachhaltigen und thematischen ETFs und Indexfonds zur Verf\u00fcgung stellen.&#8220;<\/p>\n<p style=\"text-align: justify;\"><strong><a href=\"https:\/\/www.etfworld.com\/ch\/bnp-paribas-am-stellt-etf-vertriebsspezialist-fuer-die-schweiz-ein\/hecher-claus-bnp-paribas-am-etf\/\" rel=\"attachment wp-att-31940\"><img loading=\"lazy\" decoding=\"async\" class=\"wp-image-31940 alignright\" src=\"https:\/\/www.etfworld.com\/ch\/wp-content\/uploads\/2023\/09\/Hecher-Claus-BNP-Paribas-AM-ETF.jpg\" alt=\"Hecher Claus BNP Paribas AM ETF\" width=\"400\" height=\"300\" srcset=\"https:\/\/www.etfworld.com\/ch\/wp-content\/uploads\/2023\/09\/Hecher-Claus-BNP-Paribas-AM-ETF.jpg 750w, https:\/\/www.etfworld.com\/ch\/wp-content\/uploads\/2023\/09\/Hecher-Claus-BNP-Paribas-AM-ETF-300x225.jpg 300w\" sizes=\"auto, (max-width: 400px) 100vw, 400px\" \/><\/a>Claus Hecher, Regional ETF Head of Sales f\u00fcr die DACH-Region und Skandinavien, kommentiert: &#8222;<\/strong>Die wachsende Kundennachfrage nach ESG-ETFs hat zu einem starken Wachstum des Indexl\u00f6sungsgesch\u00e4fts von BNPP AM in mehreren europ\u00e4ischen L\u00e4ndern sowie zur Gr\u00fcndung des BNP Paribas Easy ICAV und der anschlie\u00dfenden Auflegung unseres ersten irischen ETF gef\u00fchrt. Wir haben unsere Vertriebspr\u00e4senz und Sichtbarkeit in den letzten Jahren erheblich gest\u00e4rkt und werden dies auch weiterhin tun, um dieses Wachstum zu unterst\u00fctzen und unser Angebot an Indexl\u00f6sungen weiter ausbauen zu k\u00f6nnen. Die Ernennung von Kay wird entscheidend f\u00fcr unsere Expansion in der Schweiz sein, wo wir den Erfolg wiederholen wollen, den wir in anderen L\u00e4ndern erzielt haben.&#8220;<\/p>\n<p style=\"text-align: justify;\">BNPP AM verwaltet ein Verm\u00f6gen von 47 Milliarden Euro in ETFs und Indexfonds, einschlie\u00dflich thematischer und nachhaltiger Produkte.[1].<\/p>\n<p><span style=\"font-size: 10pt;\">[1] Quelle: BNPP AM, Stand: August 2023<\/span><\/p>\n<p>Quelle: ETFWorld<\/p>\n","protected":false},"excerpt":{"rendered":"<p>BNP Paribas AM verst\u00e4rkt seine ETF-Vertriebskapazit\u00e4ten mit der Ernennung von Kay Winist\u00f6rfer in der neu geschaffenen Position des ETF-Vertriebsspezialisten f\u00fcr die Schweiz.<\/p>\n","protected":false},"author":4,"featured_media":31939,"comment_status":"open","ping_status":"open","sticky":false,"template":"","format":"standard","meta":{"telegram_tosend":false,"telegram_tosend_message":"","telegram_tosend_target":0,"footnotes":"","_wpscp_schedule_draft_date":"","_wpscp_schedule_republish_date":"","_wpscppro_advance_schedule":false,"_wpscppro_advance_schedule_date":"","_wpscppro_dont_share_socialmedia":false,"_wpscppro_custom_social_share_image":0,"_facebook_share_type":"","_twitter_share_type":"","_linkedin_share_type":"","_pinterest_share_type":"","_linkedin_share_type_page":"","_instagram_share_type":"","_medium_share_type":"","_threads_share_type":"","_google_business_share_type":"","_selected_social_profile":[],"_wpsp_enable_custom_social_template":false,"_wpsp_social_scheduling":{"enabled":false,"datetime":null,"platforms":[],"status":"template_only","dateOption":"today","timeOption":"now","customDays":"","customHours":"","customDate":"","customTime":"","schedulingType":"absolute"},"_wpsp_active_default_template":true},"categories":[34],"tags":[229,117],"class_list":["post-31938","post","type-post","status-publish","format-standard","has-post-thumbnail","hentry","category-nominierungen","tag-bnp-paribas-etf","tag-etf"],"blocksy_meta":{"styles_descriptor":{"styles":{"desktop":"","tablet":"","mobile":""},"google_fonts":[],"version":6}},"_links":{"self":[{"href":"https:\/\/www.etfworld.com\/ch\/wp-json\/wp\/v2\/posts\/31938","targetHints":{"allow":["GET"]}}],"collection":[{"href":"https:\/\/www.etfworld.com\/ch\/wp-json\/wp\/v2\/posts"}],"about":[{"href":"https:\/\/www.etfworld.com\/ch\/wp-json\/wp\/v2\/types\/post"}],"author":[{"embeddable":true,"href":"https:\/\/www.etfworld.com\/ch\/wp-json\/wp\/v2\/users\/4"}],"replies":[{"embeddable":true,"href":"https:\/\/www.etfworld.com\/ch\/wp-json\/wp\/v2\/comments?post=31938"}],"version-history":[{"count":3,"href":"https:\/\/www.etfworld.com\/ch\/wp-json\/wp\/v2\/posts\/31938\/revisions"}],"predecessor-version":[{"id":31943,"href":"https:\/\/www.etfworld.com\/ch\/wp-json\/wp\/v2\/posts\/31938\/revisions\/31943"}],"wp:featuredmedia":[{"embeddable":true,"href":"https:\/\/www.etfworld.com\/ch\/wp-json\/wp\/v2\/media\/31939"}],"wp:attachment":[{"href":"https:\/\/www.etfworld.com\/ch\/wp-json\/wp\/v2\/media?parent=31938"}],"wp:term":[{"taxonomy":"category","embeddable":true,"href":"https:\/\/www.etfworld.com\/ch\/wp-json\/wp\/v2\/categories?post=31938"},{"taxonomy":"post_tag","embeddable":true,"href":"https:\/\/www.etfworld.com\/ch\/wp-json\/wp\/v2\/tags?post=31938"}],"curies":[{"name":"wp","href":"https:\/\/api.w.org\/{rel}","templated":true}]}}