{"id":16969,"date":"2019-01-25T12:00:59","date_gmt":"2019-01-25T11:00:59","guid":{"rendered":"http:\/\/starthostunlimiteddmffassi-ss.stackstaging.com\/etfworld.ch\/?p=16969"},"modified":"2020-07-27T16:51:54","modified_gmt":"2020-07-27T14:51:54","slug":"invesco-legt-thesaurierende-anteilklasse-seines-28-mrd-us-dollar-flaggschiff-etfs-eqqq-nasdaq-100-ucits-etf-auf","status":"publish","type":"post","link":"https:\/\/www.etfworld.com\/ch\/invesco-legt-thesaurierende-anteilklasse-seines-28-mrd-us-dollar-flaggschiff-etfs-eqqq-nasdaq-100-ucits-etf-auf\/","title":{"rendered":"Invesco ETF st\u00e4rkt Kundenfokus mit Senior Sales Manager"},"content":{"rendered":"<p style=\"text-align: justify;\">Invesco gibt zwei wesentliche personelle \u00c4nderungen bekannt, mit denen das Unternehmen sein wachsendes Kundengesch\u00e4ft st\u00e4rkt. &#8230;<!--more--><\/p>\n<p><strong>Jonathan Decurtins<\/strong><\/p>\n<hr \/>\n<p style=\"text-align: justify;\"><strong>Jonathan Decurtins wird in seiner Funktion als Senior Sales Manager f\u00fcr Invesco ETF die Regionen Schweiz und Liechtenstein betreuen.<\/strong><\/p>\n<p style=\"text-align: justify;\">Vor Invesco arbeitete Decurtins als Relationship Manager f\u00fcr Indexl\u00f6sungen bei dem auf Sustainability Investing spezialisierten Asset Manager RobecoSAM sowie als Investment Consultant f\u00fcr Indexfonds im Asset Management der Z\u00fcrcher Kantonalbank.<\/p>\n<p style=\"text-align: justify;\">Jonathan beendete sein Studium an der H\u00f6heren Fachschule Banking &amp; Finance in Z\u00fcrich als Dipl. Bankwirtschafter HF und absolviert derzeit einen Masterstudiengang in Angewandter Geschichte an der Universit\u00e4t Z\u00fcrich.<\/p>\n<p style=\"text-align: justify;\"><strong>Zudem unterst\u00fctzt aus Genf heraus Aline de Chambrier als Senior Sales Manager f\u00fcr Invesco ETF das Unternehmen in der Westschweiz.<a href=\"http:\/\/starthostunlimiteddmffassi-ss.stackstaging.com\/etfworld.ch\/wp\/wp-content\/uploads\/2018\/10\/De-Chambrier-Aline-Invesco-ETF.jpg\"><img loading=\"lazy\" decoding=\"async\" class=\"size-full wp-image-17851 alignleft\" src=\"http:\/\/starthostunlimiteddmffassi-ss.stackstaging.com\/etfworld.ch\/wp\/wp-content\/uploads\/2018\/10\/De-Chambrier-Aline-Invesco-ETF.jpg\" alt=\"De Chambrier Aline Invesco ETF\" width=\"400\" height=\"300\" srcset=\"https:\/\/www.etfworld.com\/ch\/wp-content\/uploads\/2018\/10\/De-Chambrier-Aline-Invesco-ETF.jpg 400w, https:\/\/www.etfworld.com\/ch\/wp-content\/uploads\/2018\/10\/De-Chambrier-Aline-Invesco-ETF-300x225.jpg 300w\" sizes=\"auto, (max-width: 400px) 100vw, 400px\" \/><\/a><\/strong><\/p>\n<p style=\"text-align: justify;\">Sie ist seit 2017 bei Invesco angestellt und verantwortlich f\u00fcr die Entwicklung des Gesch\u00e4fts in der franz\u00f6sischsprechenden Region der Schweiz.<\/p>\n<p style=\"text-align: justify;\">Vor ihrem Wechsel zu Invesco hatte Aline de Chambrier \u00e4hnliche Positionen bei Source und Vanguard inne.<\/p>\n<p style=\"text-align: justify;\">Sie schloss ihr Studium in Wirtschafts- und Sozialwissenschaften an der Universit\u00e4t Freiburg, Schweiz, erfolgreich mit einem Bachelor of Arts ab.<\/p>\n<p style=\"text-align: justify;\"><strong><a href=\"http:\/\/starthostunlimiteddmffassi-ss.stackstaging.com\/etfworld.ch\/wp\/wp-content\/uploads\/2018\/03\/Pouyan_Nima_InvescoPowerShares-etf.jpg\"><img loading=\"lazy\" decoding=\"async\" class=\"size-full wp-image-16338 alignleft\" src=\"http:\/\/starthostunlimiteddmffassi-ss.stackstaging.com\/etfworld.ch\/wp\/wp-content\/uploads\/2018\/03\/Pouyan_Nima_InvescoPowerShares-etf.jpg\" alt=\"Nima Pouyan Invesco etf\" width=\"400\" height=\"300\" \/><\/a>Nima Pouyan, Head of Switzerland &amp; Liechtenstein ETF, sagte:<\/strong><\/p>\n<p style=\"text-align: justify;\">\u201eDie Verst\u00e4rkung des Teams ist ein weiterer wichtiger Schritt, das Wachstum unseres Unternehmens voranzutreiben, das aufgrund der steigende Nachfrage nach ETFs durch Privat- und Grosskunden sowie institutionelle Anleger gest\u00fctzt wird.<\/p>\n<p style=\"text-align: justify;\">Mit Jonathan Decurtins haben wir einen qualifizierten Mitarbeiter mit umfangreichen Berufserfahrungen im Index- sowie Kundenbereich gewonnen und mit Aline de Chambrier steht uns eine starke Kraft in der Westschweiz an der Seite. \u201c<\/p>\n<p style=\"text-align: justify;\">Quelle: ETFWorld<\/p>\n","protected":false},"excerpt":{"rendered":"<p>Invesco gibt zwei wesentliche personelle \u00c4nderungen bekannt, mit denen das Unternehmen sein wachsendes Kundengesch\u00e4ft st\u00e4rkt. &#8230;<\/p>\n","protected":false},"author":4,"featured_media":17852,"comment_status":"closed","ping_status":"closed","sticky":false,"template":"","format":"standard","meta":{"telegram_tosend":false,"telegram_tosend_message":"","telegram_tosend_target":0,"footnotes":"","_wpscp_schedule_draft_date":"","_wpscp_schedule_republish_date":"","_wpscppro_advance_schedule":false,"_wpscppro_advance_schedule_date":"","_wpscppro_dont_share_socialmedia":false,"_wpscppro_custom_social_share_image":0,"_facebook_share_type":"","_twitter_share_type":"","_linkedin_share_type":"","_pinterest_share_type":"","_linkedin_share_type_page":"","_instagram_share_type":"","_medium_share_type":"","_threads_share_type":"","_google_business_share_type":"","_selected_social_profile":[],"_wpsp_enable_custom_social_template":false,"_wpsp_social_scheduling":{"enabled":false,"datetime":null,"platforms":[],"status":"template_only","dateOption":"today","timeOption":"now","customDays":"","customHours":"","customDate":"","customTime":"","schedulingType":"absolute"},"_wpsp_active_default_template":true},"categories":[34],"tags":[197],"class_list":["post-16969","post","type-post","status-publish","format-standard","has-post-thumbnail","hentry","category-nominierungen","tag-invesco-etf"],"blocksy_meta":{"styles_descriptor":{"styles":{"desktop":"","tablet":"","mobile":""},"google_fonts":[],"version":6}},"_links":{"self":[{"href":"https:\/\/www.etfworld.com\/ch\/wp-json\/wp\/v2\/posts\/16969","targetHints":{"allow":["GET"]}}],"collection":[{"href":"https:\/\/www.etfworld.com\/ch\/wp-json\/wp\/v2\/posts"}],"about":[{"href":"https:\/\/www.etfworld.com\/ch\/wp-json\/wp\/v2\/types\/post"}],"author":[{"embeddable":true,"href":"https:\/\/www.etfworld.com\/ch\/wp-json\/wp\/v2\/users\/4"}],"replies":[{"embeddable":true,"href":"https:\/\/www.etfworld.com\/ch\/wp-json\/wp\/v2\/comments?post=16969"}],"version-history":[{"count":0,"href":"https:\/\/www.etfworld.com\/ch\/wp-json\/wp\/v2\/posts\/16969\/revisions"}],"wp:featuredmedia":[{"embeddable":true,"href":"https:\/\/www.etfworld.com\/ch\/wp-json\/wp\/v2\/media\/17852"}],"wp:attachment":[{"href":"https:\/\/www.etfworld.com\/ch\/wp-json\/wp\/v2\/media?parent=16969"}],"wp:term":[{"taxonomy":"category","embeddable":true,"href":"https:\/\/www.etfworld.com\/ch\/wp-json\/wp\/v2\/categories?post=16969"},{"taxonomy":"post_tag","embeddable":true,"href":"https:\/\/www.etfworld.com\/ch\/wp-json\/wp\/v2\/tags?post=16969"}],"curies":[{"name":"wp","href":"https:\/\/api.w.org\/{rel}","templated":true}]}}