{"id":14718,"date":"2018-02-01T23:00:00","date_gmt":"2018-02-01T23:00:00","guid":{"rendered":"http:\/\/starthostunlimiteddmffassi-ss.stackstaging.com\/etfworld.ch\/home\/vl27cm72\/etfworld.ch\/wp\/index.php\/2018\/02\/01\/ubs-konsumindikator-erfreulicher-jahresabschluss\/"},"modified":"2018-02-01T23:00:00","modified_gmt":"2018-02-01T23:00:00","slug":"ubs-konsumindikator-erfreulicher-jahresabschluss","status":"publish","type":"post","link":"https:\/\/www.etfworld.com\/ch\/ubs-konsumindikator-erfreulicher-jahresabschluss\/","title":{"rendered":"UBS-Konsumindikator: Erfreulicher Jahresabschluss"},"content":{"rendered":"<div class=\"basecomponent newsarticle__base\">\n<div class=\"basecomponent newsarticle__base\">\n<p style=\"text-align: justify;\">Der Konsumindikator lag im Dezember 2017 mit 1,69 Punkten deutlich \u00fcber dem langj\u00e4hrigen Durchschnitt und zeichnet ein optimistisches Bild des Schweizer Privatkonsums. Schw\u00e4chere Zahlen bei den Neuimmatrikulationen von Autos verhinderten einen noch h\u00f6heren Wert&#8230;..<\/p>\n<\/p><\/div>\n<\/p><\/div>\n<p> <!--more--> <\/p>\n<p style=\"text-align: center;\"><strong><strong><strong>UBS<\/strong><\/strong><\/strong><\/p>\n<hr \/>\n<p style=\"text-align: justify;\">Der Konsumindikator fiel im Dezember 2017 leicht von 1,73 auf 1,69 Punkte. In den vergangenen Monaten wurden die Werte aber nach oben korrigiert.<\/p>\n<p style=\"text-align: justify;\">Der bessere Gesch\u00e4ftsgang des Detailhandels sowie die gestiegene Zahl der Logiern\u00e4chte seit Abschw\u00e4chung des Schweizer Frankens im Sommer letzten Jahres st\u00fctzten den Konsumindikator. Negativ beigetragen haben hingegen die sinkenden Neuimmatrikulationen von Autos im Vergleich zum Vorjahresmonat. Der R\u00fcckgang um 12 Prozent liegt deutlich \u00fcber dem langj\u00e4hrigen Schnitt.<\/p>\n<p style=\"text-align: justify;\"><strong>F\u00fcr das laufende Jahr geht das UBS Chief Investment Office Wealth Management (UBS CIO) von einem soliden Wirtschaftswachstum aus, das auch vom Privatkonsum unterst\u00fctzt wird.<\/strong> UBS CIO erwartet allerdings ein schw\u00e4cheres Wachstum des Privatkonsums, als der Indikator ausweist. So rechnen die UBS-\u00d6konomen f\u00fcr dieses Jahr mit einem Konsumwachstum von 1,4 Prozent. Die sinkende Arbeitslosigkeit d\u00fcrfte zusammen mit dem soliden Konjunkturverlauf den privaten Konsum unterst\u00fctzen. Da der erwartete nominale Lohnanstieg nur wenig \u00fcber der Inflationsrate von 0,6 Prozent liegt, wird der reale Lohnanstieg den privaten Konsum eher d\u00e4mpfen.<\/p>\n<div class=\"basecomponent textimage__base textimage\" style=\"text-align: justify;\">\n<div class=\" \" data-nn-conditional=\"\">\n<div class=\"image__base left image__base--left image__baseWidth--100\"><picture class=\"image__pic\"> <img decoding=\"async\" src=\"https:\/\/www.static-ubs.com\/content\/news\/de\/2018\/01\/31\/consumption-indicator\/_jcr_content\/par\/textimage_778858609\/image.215380877.img\/consumption-indicator-de.png\" alt=\"\" usemap=\"#map_1288102558\" class=\"visual\" title=\"UBS-Konsumindikator: Erfreulicher Jahresabschluss\" \/> <\/picture><\/div>\n<\/p><\/div>\n<\/p><\/div>\n<p style=\"text-align: justify;\">Quelle: Seco, UBS<\/p>\n<p style=\"text-align: justify;\">Berechnung des UBS-Konsumindikators<\/p>\n<p style=\"text-align: justify;\">Der UBS-Konsumindikator zeigt mit einem Vorlauf von 1-3 Monaten auf die offiziellen Zahlen die Entwicklung des Privatkonsums in der Schweiz an. Dieser ist mit einem Anteil von gut 50% die mit Abstand wichtigste Komponente des Schweizer Bruttoinlandprodukts. Berechnet wird der Vorlaufindikator von UBS aus sechs konsumnahen Gr\u00f6ssen: Immatrikulationen von neuen Personenwagen, Gesch\u00e4ftslage im Detailhandel, Anzahl Hotel\u00fcbernachtungen von Inl\u00e4ndern in der Schweiz, Konsumentenstimmungsindex, Besch\u00e4ftigungsentwicklung sowie Kreditkartenums\u00e4tze, die \u00fcber UBS an inl\u00e4ndischen Verkaufspunkten abgewickelt werden. Mit Ausnahme der Konsumentenstimmung und der Besch\u00e4ftigungsentwicklung sind diese Daten auf monatlicher Basis verf\u00fcgbar.<\/p>\n<p style=\"text-align: justify;\">Quelle:&nbsp;AdvisorWorld.ch<span><\/span><\/p>\n","protected":false},"excerpt":{"rendered":"<p>Der Konsumindikator lag im Dezember 2017 mit 1,69 Punkten deutlich \u00fcber dem langj\u00e4hrigen Durchschnitt und zeichnet ein optimistisches Bild des Schweizer Privatkonsums. Schw\u00e4chere Zahlen bei den Neuimmatrikulationen von Autos verhinderten einen noch h\u00f6heren Wert&#8230;..<\/p>\n","protected":false},"author":2,"featured_media":16475,"comment_status":"open","ping_status":"open","sticky":false,"template":"","format":"standard","meta":{"telegram_tosend":false,"telegram_tosend_message":"","telegram_tosend_target":0,"footnotes":"","_wpscp_schedule_draft_date":"","_wpscp_schedule_republish_date":"","_wpscppro_advance_schedule":false,"_wpscppro_advance_schedule_date":"","_wpscppro_dont_share_socialmedia":false,"_wpscppro_custom_social_share_image":0,"_facebook_share_type":"","_twitter_share_type":"","_linkedin_share_type":"","_pinterest_share_type":"","_linkedin_share_type_page":"","_instagram_share_type":"","_medium_share_type":"","_threads_share_type":"","_google_business_share_type":"","_selected_social_profile":[],"_wpsp_enable_custom_social_template":false,"_wpsp_social_scheduling":{"enabled":false,"datetime":null,"platforms":[],"status":"template_only","dateOption":"today","timeOption":"now","customDays":"","customHours":"","customDate":"","customTime":"","schedulingType":"absolute"},"_wpsp_active_default_template":true},"categories":[1],"tags":[136],"class_list":["post-14718","post","type-post","status-publish","format-standard","has-post-thumbnail","hentry","category-uncategorized","tag-ubs-ag"],"blocksy_meta":{"styles_descriptor":{"styles":{"desktop":"","tablet":"","mobile":""},"google_fonts":[],"version":6}},"_links":{"self":[{"href":"https:\/\/www.etfworld.com\/ch\/wp-json\/wp\/v2\/posts\/14718","targetHints":{"allow":["GET"]}}],"collection":[{"href":"https:\/\/www.etfworld.com\/ch\/wp-json\/wp\/v2\/posts"}],"about":[{"href":"https:\/\/www.etfworld.com\/ch\/wp-json\/wp\/v2\/types\/post"}],"author":[{"embeddable":true,"href":"https:\/\/www.etfworld.com\/ch\/wp-json\/wp\/v2\/users\/2"}],"replies":[{"embeddable":true,"href":"https:\/\/www.etfworld.com\/ch\/wp-json\/wp\/v2\/comments?post=14718"}],"version-history":[{"count":0,"href":"https:\/\/www.etfworld.com\/ch\/wp-json\/wp\/v2\/posts\/14718\/revisions"}],"wp:featuredmedia":[{"embeddable":true,"href":"https:\/\/www.etfworld.com\/ch\/wp-json\/wp\/v2\/media\/16475"}],"wp:attachment":[{"href":"https:\/\/www.etfworld.com\/ch\/wp-json\/wp\/v2\/media?parent=14718"}],"wp:term":[{"taxonomy":"category","embeddable":true,"href":"https:\/\/www.etfworld.com\/ch\/wp-json\/wp\/v2\/categories?post=14718"},{"taxonomy":"post_tag","embeddable":true,"href":"https:\/\/www.etfworld.com\/ch\/wp-json\/wp\/v2\/tags?post=14718"}],"curies":[{"name":"wp","href":"https:\/\/api.w.org\/{rel}","templated":true}]}}